{"id":629,"date":"2024-08-22T11:19:00","date_gmt":"2024-08-22T11:19:00","guid":{"rendered":"https:\/\/rauchholz.org\/?p=629"},"modified":"2025-12-31T17:16:39","modified_gmt":"2025-12-31T17:16:39","slug":"philadelphia-christian-school-k5-graduation-ceremony-summer-2025","status":"publish","type":"post","link":"https:\/\/rauchholz.org\/de\/philadelphia-christian-school-k5-graduation-ceremony-summer-2025\/","title":{"rendered":"Abschlussfeier der Philadelphia Christian School K5 Sommer 2024"},"content":{"rendered":"<div class=\"wp-block-group alignfull has-background-background-color has-background\" style=\"border-top-width:1px;margin-top:0;margin-bottom:0;padding-top:0;padding-right:0;padding-bottom:0;padding-left:0\"><div class=\"wp-block-group__inner-container is-layout-constrained wp-container-core-group-is-layout-e96f6837 wp-block-group-is-layout-constrained\">\n<div class=\"wp-block-columns alignfull is-layout-flex wp-container-core-columns-is-layout-d2a8f814 wp-block-columns-is-layout-flex\" style=\"padding-top:0;padding-bottom:0\">\n<div class=\"wp-block-column is-vertically-aligned-center is-layout-flow wp-block-column-is-layout-flow\">\n<div class=\"wp-block-group\" style=\"padding-top:var(--wp--preset--spacing--60);padding-right:var(--wp--preset--spacing--30);padding-bottom:var(--wp--preset--spacing--60);padding-left:var(--wp--preset--spacing--30)\"><div class=\"wp-block-group__inner-container is-layout-constrained wp-container-core-group-is-layout-c03f3b2a wp-block-group-is-layout-constrained\">\n<p style=\"margin-top:16px\">Im Juli 2024 veranstaltete die Philadelphia Christian School ihre erste Abschlussfeier f\u00fcr die Kindergartenklasse (K5). Susan Weckbecker, unsere Kinderg\u00e4rtnerin aus Deutschland, sowie Adryn Matai Yos, weitere Kolleginnen und Kollegen und Eltern bereiteten die Kinder sorgf\u00e4ltig auf dieses unvergessliche Ereignis vor. Festlich in blauen Kleidern und H\u00fcten gekleidet, pr\u00e4sentierten die Kinder Lieder, Gedichte und die Lernergebnisse des vergangenen Jahres.<\/p>\n\n\n\n<p>Unter den anwesenden G\u00e4sten befanden sich Vertreter des Bildungsministeriums, der Bildungsbeh\u00f6rde, Mitglieder der \u00f6rtlichen Kirche, Schulleiter Raster Rasauo \u201cSotto\u201d, Manuel Rauchholz und die Hauptdelegierten aus dem Dorf Chukiyenu.<\/p>\n\n\n\n<p>In einer kurzen Ansprache dr\u00fcckte ein K5-Sch\u00fcler seine Dankbarkeit aus und sagte: \u201cIm Namen aller Sch\u00fcler m\u00f6chte ich mich bei PCS daf\u00fcr bedanken, dass sie uns hier unterrichten.\u201d<\/p>\n\n\n\n<p>Viele Familienmitglieder und Freunde von PCS belohnten die Sch\u00fcler mit Geschenken, Geldgeschenken und schm\u00fcckten sie mit S\u00fc\u00dfigkeitenketten. <em>maramwars<\/em>.<\/p>\n\n\n\n<p style=\"margin-top:16px\">Die Anerkennungsurkunden wurden den Studierenden von Manuel Rauchholz und Susan Weckbecker \u00fcberreicht. Tarson Paulus, der seit 2025 stellvertretender Vorsitzender des Repr\u00e4sentantenhauses f\u00fcr Forschung und Entwicklung ist, begr\u00fc\u00dfte jeden Studierenden per Handschlag und \u00fcberreichte ihm einen besonderen Umschlag, was den jungen Absolventen gro\u00dfe Freude bereitete.<\/p>\n<\/div><\/div>\n<\/div>\n<\/div>\n<\/div><\/div>","protected":false},"excerpt":{"rendered":"<p>In July 2024, Philadelphia Christian School held its first graduation ceremony for the Kindergarten class (K5). Susan Weckbecker, our Kindergarten teacher from Germany, as well as Adryn Matai Yos, colleagues, and parents diligently prepared the children for this memorable event. Dressed festively in blue gowns and hats, the children presented songs, poems, and last year&#8217;s [&hellip;]<\/p>\n","protected":false},"author":1,"featured_media":97,"comment_status":"closed","ping_status":"closed","sticky":false,"template":"","format":"standard","meta":{"saved_in_kubio":false,"footnotes":""},"categories":[8],"tags":[],"class_list":["post-629","post","type-post","status-publish","format-standard","has-post-thumbnail","hentry","category-schools"],"_links":{"self":[{"href":"https:\/\/rauchholz.org\/de\/wp-json\/wp\/v2\/posts\/629","targetHints":{"allow":["GET"]}}],"collection":[{"href":"https:\/\/rauchholz.org\/de\/wp-json\/wp\/v2\/posts"}],"about":[{"href":"https:\/\/rauchholz.org\/de\/wp-json\/wp\/v2\/types\/post"}],"author":[{"embeddable":true,"href":"https:\/\/rauchholz.org\/de\/wp-json\/wp\/v2\/users\/1"}],"replies":[{"embeddable":true,"href":"https:\/\/rauchholz.org\/de\/wp-json\/wp\/v2\/comments?post=629"}],"version-history":[{"count":3,"href":"https:\/\/rauchholz.org\/de\/wp-json\/wp\/v2\/posts\/629\/revisions"}],"predecessor-version":[{"id":1414,"href":"https:\/\/rauchholz.org\/de\/wp-json\/wp\/v2\/posts\/629\/revisions\/1414"}],"wp:featuredmedia":[{"embeddable":true,"href":"https:\/\/rauchholz.org\/de\/wp-json\/wp\/v2\/media\/97"}],"wp:attachment":[{"href":"https:\/\/rauchholz.org\/de\/wp-json\/wp\/v2\/media?parent=629"}],"wp:term":[{"taxonomy":"category","embeddable":true,"href":"https:\/\/rauchholz.org\/de\/wp-json\/wp\/v2\/categories?post=629"},{"taxonomy":"post_tag","embeddable":true,"href":"https:\/\/rauchholz.org\/de\/wp-json\/wp\/v2\/tags?post=629"}],"curies":[{"name":"wp","href":"https:\/\/api.w.org\/{rel}","templated":true}]}}